{"id":64,"date":"2015-05-01T11:44:57","date_gmt":"2015-05-01T11:44:57","guid":{"rendered":"http:\/\/wp.fellendorf.de\/wordpress\/?p=64"},"modified":"2026-04-03T08:50:39","modified_gmt":"2026-04-03T06:50:39","slug":"die-widerstandskaempfer-wilhelm-fellendorf-und-katharina-fellendorf","status":"publish","type":"post","link":"https:\/\/www.fellendorf.de\/index.php\/2015\/05\/01\/die-widerstandskaempfer-wilhelm-fellendorf-und-katharina-fellendorf\/","title":{"rendered":"Die Widerstandsk\u00e4mpfer Wilhelm Fellendorf und Katharina Fellendorf"},"content":{"rendered":"<p>Hat jemand Lust etwas \u00fcber die Widerstandsk\u00e4mper Wilhelm Fellendorf und seine Mutter Katharina Fellendorf zu schreiben?<\/p>\n<p>Die Geschichten von Wilhelm Fellendorf und Katharina Fellendorf und der Roten Kapelle folgen in K\u00fcrze.<\/p>\n<p>&nbsp;<\/p>\n","protected":false},"excerpt":{"rendered":"<p>Hat jemand Lust etwas \u00fcber die Widerstandsk\u00e4mper Wilhelm Fellendorf und seine Mutter Katharina Fellendorf zu schreiben? Die Geschichten von Wilhelm Fellendorf und Katharina Fellendorf und der Roten Kapelle folgen in K\u00fcrze. &nbsp;<\/p>\n","protected":false},"author":2,"featured_media":405,"comment_status":"open","ping_status":"closed","sticky":false,"template":"","format":"standard","meta":{"saved_in_kubio":false,"jetpack_post_was_ever_published":false,"_jetpack_newsletter_access":"","_jetpack_dont_email_post_to_subs":false,"_jetpack_newsletter_tier_id":0,"_jetpack_memberships_contains_paywalled_content":false,"two_page_speed":[],"_jetpack_memberships_contains_paid_content":false,"footnotes":"","jetpack_publicize_message":"","jetpack_publicize_feature_enabled":true,"jetpack_social_post_already_shared":false,"jetpack_social_options":{"image_generator_settings":{"template":"highway","default_image_id":0,"font":"","enabled":false},"version":2}},"categories":[6],"tags":[],"class_list":["post-64","post","type-post","status-publish","format-standard","has-post-thumbnail","hentry","category-widerstandskaempfer"],"wppr_data":{"cwp_meta_box_check":"No"},"yoast_head":"<!-- This site is optimized with the Yoast SEO plugin v27.5 - https:\/\/yoast.com\/product\/yoast-seo-wordpress\/ -->\n<title>Die Widerstandsk\u00e4mpfer Wilhelm Fellendorf und Katharina Fellendorf - Familie Fellendorf<\/title>\n<meta name=\"robots\" content=\"index, follow, max-snippet:-1, max-image-preview:large, max-video-preview:-1\" \/>\n<link rel=\"canonical\" href=\"http:\/\/www.fellendorf.de\/index.php\/2015\/05\/01\/die-widerstandskaempfer-wilhelm-fellendorf-und-katharina-fellendorf\/\" \/>\n<meta property=\"og:locale\" content=\"de_DE\" \/>\n<meta property=\"og:type\" content=\"article\" \/>\n<meta property=\"og:title\" content=\"Die Widerstandsk\u00e4mpfer Wilhelm Fellendorf und Katharina Fellendorf - Familie Fellendorf\" \/>\n<meta property=\"og:description\" content=\"Hat jemand Lust etwas \u00fcber die Widerstandsk\u00e4mper Wilhelm Fellendorf und seine Mutter Katharina Fellendorf zu schreiben? Die Geschichten von Wilhelm Fellendorf und Katharina Fellendorf und der Roten Kapelle folgen in K\u00fcrze. &nbsp;\" \/>\n<meta property=\"og:url\" content=\"http:\/\/www.fellendorf.de\/index.php\/2015\/05\/01\/die-widerstandskaempfer-wilhelm-fellendorf-und-katharina-fellendorf\/\" \/>\n<meta property=\"og:site_name\" content=\"Familie Fellendorf\" \/>\n<meta property=\"article:author\" content=\"http:\/\/www.facebook.com\/boris.fellendorf\" \/>\n<meta property=\"article:published_time\" content=\"2015-05-01T11:44:57+00:00\" \/>\n<meta property=\"article:modified_time\" content=\"2026-04-03T06:50:39+00:00\" \/>\n<meta property=\"og:image\" content=\"http:\/\/www.fellendorf.de\/wp-content\/uploads\/2015\/05\/image-08k5khzk52.png\" \/>\n\t<meta property=\"og:image:width\" content=\"1376\" \/>\n\t<meta property=\"og:image:height\" content=\"768\" \/>\n\t<meta property=\"og:image:type\" content=\"image\/png\" \/>\n<meta name=\"author\" content=\"Boris\" \/>\n<meta name=\"twitter:card\" content=\"summary_large_image\" \/>\n<meta name=\"twitter:creator\" content=\"@fellendorfde\" \/>\n<meta name=\"twitter:label1\" content=\"Verfasst von\" \/>\n\t<meta name=\"twitter:data1\" content=\"Boris\" \/>\n\t<meta name=\"twitter:label2\" content=\"Gesch\u00e4tzte Lesezeit\" \/>\n\t<meta name=\"twitter:data2\" content=\"1\u00a0Minute\" \/>\n<script type=\"application\/ld+json\" class=\"yoast-schema-graph\">{\"@context\":\"https:\\\/\\\/schema.org\",\"@graph\":[{\"@type\":\"Article\",\"@id\":\"http:\\\/\\\/www.fellendorf.de\\\/index.php\\\/2015\\\/05\\\/01\\\/die-widerstandskaempfer-wilhelm-fellendorf-und-katharina-fellendorf\\\/#article\",\"isPartOf\":{\"@id\":\"http:\\\/\\\/www.fellendorf.de\\\/index.php\\\/2015\\\/05\\\/01\\\/die-widerstandskaempfer-wilhelm-fellendorf-und-katharina-fellendorf\\\/\"},\"author\":{\"name\":\"Boris\",\"@id\":\"https:\\\/\\\/www.fellendorf.de\\\/#\\\/schema\\\/person\\\/d5e9023c195b5dba2cb3e91089f4533a\"},\"headline\":\"Die Widerstandsk\u00e4mpfer Wilhelm Fellendorf und Katharina Fellendorf\",\"datePublished\":\"2015-05-01T11:44:57+00:00\",\"dateModified\":\"2026-04-03T06:50:39+00:00\",\"mainEntityOfPage\":{\"@id\":\"http:\\\/\\\/www.fellendorf.de\\\/index.php\\\/2015\\\/05\\\/01\\\/die-widerstandskaempfer-wilhelm-fellendorf-und-katharina-fellendorf\\\/\"},\"wordCount\":42,\"commentCount\":0,\"publisher\":{\"@id\":\"https:\\\/\\\/www.fellendorf.de\\\/#organization\"},\"image\":{\"@id\":\"http:\\\/\\\/www.fellendorf.de\\\/index.php\\\/2015\\\/05\\\/01\\\/die-widerstandskaempfer-wilhelm-fellendorf-und-katharina-fellendorf\\\/#primaryimage\"},\"thumbnailUrl\":\"https:\\\/\\\/www.fellendorf.de\\\/wp-content\\\/uploads\\\/2015\\\/05\\\/image-08k5khzk52.png\",\"articleSection\":[\"Widerstandsk\u00e4mpfer\"],\"inLanguage\":\"de\",\"potentialAction\":[{\"@type\":\"CommentAction\",\"name\":\"Comment\",\"target\":[\"http:\\\/\\\/www.fellendorf.de\\\/index.php\\\/2015\\\/05\\\/01\\\/die-widerstandskaempfer-wilhelm-fellendorf-und-katharina-fellendorf\\\/#respond\"]}]},{\"@type\":\"WebPage\",\"@id\":\"http:\\\/\\\/www.fellendorf.de\\\/index.php\\\/2015\\\/05\\\/01\\\/die-widerstandskaempfer-wilhelm-fellendorf-und-katharina-fellendorf\\\/\",\"url\":\"http:\\\/\\\/www.fellendorf.de\\\/index.php\\\/2015\\\/05\\\/01\\\/die-widerstandskaempfer-wilhelm-fellendorf-und-katharina-fellendorf\\\/\",\"name\":\"Die Widerstandsk\u00e4mpfer Wilhelm Fellendorf und Katharina Fellendorf - Familie Fellendorf\",\"isPartOf\":{\"@id\":\"https:\\\/\\\/www.fellendorf.de\\\/#website\"},\"primaryImageOfPage\":{\"@id\":\"http:\\\/\\\/www.fellendorf.de\\\/index.php\\\/2015\\\/05\\\/01\\\/die-widerstandskaempfer-wilhelm-fellendorf-und-katharina-fellendorf\\\/#primaryimage\"},\"image\":{\"@id\":\"http:\\\/\\\/www.fellendorf.de\\\/index.php\\\/2015\\\/05\\\/01\\\/die-widerstandskaempfer-wilhelm-fellendorf-und-katharina-fellendorf\\\/#primaryimage\"},\"thumbnailUrl\":\"https:\\\/\\\/www.fellendorf.de\\\/wp-content\\\/uploads\\\/2015\\\/05\\\/image-08k5khzk52.png\",\"datePublished\":\"2015-05-01T11:44:57+00:00\",\"dateModified\":\"2026-04-03T06:50:39+00:00\",\"breadcrumb\":{\"@id\":\"http:\\\/\\\/www.fellendorf.de\\\/index.php\\\/2015\\\/05\\\/01\\\/die-widerstandskaempfer-wilhelm-fellendorf-und-katharina-fellendorf\\\/#breadcrumb\"},\"inLanguage\":\"de\",\"potentialAction\":[{\"@type\":\"ReadAction\",\"target\":[\"http:\\\/\\\/www.fellendorf.de\\\/index.php\\\/2015\\\/05\\\/01\\\/die-widerstandskaempfer-wilhelm-fellendorf-und-katharina-fellendorf\\\/\"]}]},{\"@type\":\"ImageObject\",\"inLanguage\":\"de\",\"@id\":\"http:\\\/\\\/www.fellendorf.de\\\/index.php\\\/2015\\\/05\\\/01\\\/die-widerstandskaempfer-wilhelm-fellendorf-und-katharina-fellendorf\\\/#primaryimage\",\"url\":\"https:\\\/\\\/www.fellendorf.de\\\/wp-content\\\/uploads\\\/2015\\\/05\\\/image-08k5khzk52.png\",\"contentUrl\":\"https:\\\/\\\/www.fellendorf.de\\\/wp-content\\\/uploads\\\/2015\\\/05\\\/image-08k5khzk52.png\",\"width\":1376,\"height\":768},{\"@type\":\"BreadcrumbList\",\"@id\":\"http:\\\/\\\/www.fellendorf.de\\\/index.php\\\/2015\\\/05\\\/01\\\/die-widerstandskaempfer-wilhelm-fellendorf-und-katharina-fellendorf\\\/#breadcrumb\",\"itemListElement\":[{\"@type\":\"ListItem\",\"position\":1,\"name\":\"Home\",\"item\":\"https:\\\/\\\/www.fellendorf.de\\\/\"},{\"@type\":\"ListItem\",\"position\":2,\"name\":\"Die Widerstandsk\u00e4mpfer Wilhelm Fellendorf und Katharina Fellendorf\"}]},{\"@type\":\"WebSite\",\"@id\":\"https:\\\/\\\/www.fellendorf.de\\\/#website\",\"url\":\"https:\\\/\\\/www.fellendorf.de\\\/\",\"name\":\"Familie Fellendorf\",\"description\":\"History genealogy of the family fellendorf\",\"publisher\":{\"@id\":\"https:\\\/\\\/www.fellendorf.de\\\/#organization\"},\"alternateName\":\"Fellendorf.de\",\"potentialAction\":[{\"@type\":\"SearchAction\",\"target\":{\"@type\":\"EntryPoint\",\"urlTemplate\":\"https:\\\/\\\/www.fellendorf.de\\\/?s={search_term_string}\"},\"query-input\":{\"@type\":\"PropertyValueSpecification\",\"valueRequired\":true,\"valueName\":\"search_term_string\"}}],\"inLanguage\":\"de\"},{\"@type\":\"Organization\",\"@id\":\"https:\\\/\\\/www.fellendorf.de\\\/#organization\",\"name\":\"Familie Fellendorf\",\"alternateName\":\"Fellendorf\",\"url\":\"https:\\\/\\\/www.fellendorf.de\\\/\",\"logo\":{\"@type\":\"ImageObject\",\"inLanguage\":\"de\",\"@id\":\"https:\\\/\\\/www.fellendorf.de\\\/#\\\/schema\\\/logo\\\/image\\\/\",\"url\":\"http:\\\/\\\/www.fellendorf.de\\\/wp-content\\\/uploads\\\/2015\\\/05\\\/fellendorf_logo_k.jpg\",\"contentUrl\":\"http:\\\/\\\/www.fellendorf.de\\\/wp-content\\\/uploads\\\/2015\\\/05\\\/fellendorf_logo_k.jpg\",\"width\":314,\"height\":344,\"caption\":\"Familie Fellendorf\"},\"image\":{\"@id\":\"https:\\\/\\\/www.fellendorf.de\\\/#\\\/schema\\\/logo\\\/image\\\/\"}},{\"@type\":\"Person\",\"@id\":\"https:\\\/\\\/www.fellendorf.de\\\/#\\\/schema\\\/person\\\/d5e9023c195b5dba2cb3e91089f4533a\",\"name\":\"Boris\",\"image\":{\"@type\":\"ImageObject\",\"inLanguage\":\"de\",\"@id\":\"https:\\\/\\\/secure.gravatar.com\\\/avatar\\\/246120aae4857940afe98123ced9670953a9da20981a3e84e1423acff20d2d65?s=96&d=mm&r=g\",\"url\":\"https:\\\/\\\/secure.gravatar.com\\\/avatar\\\/246120aae4857940afe98123ced9670953a9da20981a3e84e1423acff20d2d65?s=96&d=mm&r=g\",\"contentUrl\":\"https:\\\/\\\/secure.gravatar.com\\\/avatar\\\/246120aae4857940afe98123ced9670953a9da20981a3e84e1423acff20d2d65?s=96&d=mm&r=g\",\"caption\":\"Boris\"},\"sameAs\":[\"http:\\\/\\\/www.fellendorf.de\",\"http:\\\/\\\/www.facebook.com\\\/boris.fellendorf\",\"https:\\\/\\\/x.com\\\/fellendorfde\"],\"url\":\"https:\\\/\\\/www.fellendorf.de\\\/index.php\\\/author\\\/boris_r54holi1\\\/\"}]}<\/script>\n<!-- \/ Yoast SEO plugin. -->","yoast_head_json":{"title":"Die Widerstandsk\u00e4mpfer Wilhelm Fellendorf und Katharina Fellendorf - Familie Fellendorf","robots":{"index":"index","follow":"follow","max-snippet":"max-snippet:-1","max-image-preview":"max-image-preview:large","max-video-preview":"max-video-preview:-1"},"canonical":"http:\/\/www.fellendorf.de\/index.php\/2015\/05\/01\/die-widerstandskaempfer-wilhelm-fellendorf-und-katharina-fellendorf\/","og_locale":"de_DE","og_type":"article","og_title":"Die Widerstandsk\u00e4mpfer Wilhelm Fellendorf und Katharina Fellendorf - Familie Fellendorf","og_description":"Hat jemand Lust etwas \u00fcber die Widerstandsk\u00e4mper Wilhelm Fellendorf und seine Mutter Katharina Fellendorf zu schreiben? Die Geschichten von Wilhelm Fellendorf und Katharina Fellendorf und der Roten Kapelle folgen in K\u00fcrze. &nbsp;","og_url":"http:\/\/www.fellendorf.de\/index.php\/2015\/05\/01\/die-widerstandskaempfer-wilhelm-fellendorf-und-katharina-fellendorf\/","og_site_name":"Familie Fellendorf","article_author":"http:\/\/www.facebook.com\/boris.fellendorf","article_published_time":"2015-05-01T11:44:57+00:00","article_modified_time":"2026-04-03T06:50:39+00:00","og_image":[{"width":1376,"height":768,"url":"http:\/\/www.fellendorf.de\/wp-content\/uploads\/2015\/05\/image-08k5khzk52.png","type":"image\/png"}],"author":"Boris","twitter_card":"summary_large_image","twitter_creator":"@fellendorfde","twitter_misc":{"Verfasst von":"Boris","Gesch\u00e4tzte Lesezeit":"1\u00a0Minute"},"schema":{"@context":"https:\/\/schema.org","@graph":[{"@type":"Article","@id":"http:\/\/www.fellendorf.de\/index.php\/2015\/05\/01\/die-widerstandskaempfer-wilhelm-fellendorf-und-katharina-fellendorf\/#article","isPartOf":{"@id":"http:\/\/www.fellendorf.de\/index.php\/2015\/05\/01\/die-widerstandskaempfer-wilhelm-fellendorf-und-katharina-fellendorf\/"},"author":{"name":"Boris","@id":"https:\/\/www.fellendorf.de\/#\/schema\/person\/d5e9023c195b5dba2cb3e91089f4533a"},"headline":"Die Widerstandsk\u00e4mpfer Wilhelm Fellendorf und Katharina Fellendorf","datePublished":"2015-05-01T11:44:57+00:00","dateModified":"2026-04-03T06:50:39+00:00","mainEntityOfPage":{"@id":"http:\/\/www.fellendorf.de\/index.php\/2015\/05\/01\/die-widerstandskaempfer-wilhelm-fellendorf-und-katharina-fellendorf\/"},"wordCount":42,"commentCount":0,"publisher":{"@id":"https:\/\/www.fellendorf.de\/#organization"},"image":{"@id":"http:\/\/www.fellendorf.de\/index.php\/2015\/05\/01\/die-widerstandskaempfer-wilhelm-fellendorf-und-katharina-fellendorf\/#primaryimage"},"thumbnailUrl":"https:\/\/www.fellendorf.de\/wp-content\/uploads\/2015\/05\/image-08k5khzk52.png","articleSection":["Widerstandsk\u00e4mpfer"],"inLanguage":"de","potentialAction":[{"@type":"CommentAction","name":"Comment","target":["http:\/\/www.fellendorf.de\/index.php\/2015\/05\/01\/die-widerstandskaempfer-wilhelm-fellendorf-und-katharina-fellendorf\/#respond"]}]},{"@type":"WebPage","@id":"http:\/\/www.fellendorf.de\/index.php\/2015\/05\/01\/die-widerstandskaempfer-wilhelm-fellendorf-und-katharina-fellendorf\/","url":"http:\/\/www.fellendorf.de\/index.php\/2015\/05\/01\/die-widerstandskaempfer-wilhelm-fellendorf-und-katharina-fellendorf\/","name":"Die Widerstandsk\u00e4mpfer Wilhelm Fellendorf und Katharina Fellendorf - Familie Fellendorf","isPartOf":{"@id":"https:\/\/www.fellendorf.de\/#website"},"primaryImageOfPage":{"@id":"http:\/\/www.fellendorf.de\/index.php\/2015\/05\/01\/die-widerstandskaempfer-wilhelm-fellendorf-und-katharina-fellendorf\/#primaryimage"},"image":{"@id":"http:\/\/www.fellendorf.de\/index.php\/2015\/05\/01\/die-widerstandskaempfer-wilhelm-fellendorf-und-katharina-fellendorf\/#primaryimage"},"thumbnailUrl":"https:\/\/www.fellendorf.de\/wp-content\/uploads\/2015\/05\/image-08k5khzk52.png","datePublished":"2015-05-01T11:44:57+00:00","dateModified":"2026-04-03T06:50:39+00:00","breadcrumb":{"@id":"http:\/\/www.fellendorf.de\/index.php\/2015\/05\/01\/die-widerstandskaempfer-wilhelm-fellendorf-und-katharina-fellendorf\/#breadcrumb"},"inLanguage":"de","potentialAction":[{"@type":"ReadAction","target":["http:\/\/www.fellendorf.de\/index.php\/2015\/05\/01\/die-widerstandskaempfer-wilhelm-fellendorf-und-katharina-fellendorf\/"]}]},{"@type":"ImageObject","inLanguage":"de","@id":"http:\/\/www.fellendorf.de\/index.php\/2015\/05\/01\/die-widerstandskaempfer-wilhelm-fellendorf-und-katharina-fellendorf\/#primaryimage","url":"https:\/\/www.fellendorf.de\/wp-content\/uploads\/2015\/05\/image-08k5khzk52.png","contentUrl":"https:\/\/www.fellendorf.de\/wp-content\/uploads\/2015\/05\/image-08k5khzk52.png","width":1376,"height":768},{"@type":"BreadcrumbList","@id":"http:\/\/www.fellendorf.de\/index.php\/2015\/05\/01\/die-widerstandskaempfer-wilhelm-fellendorf-und-katharina-fellendorf\/#breadcrumb","itemListElement":[{"@type":"ListItem","position":1,"name":"Home","item":"https:\/\/www.fellendorf.de\/"},{"@type":"ListItem","position":2,"name":"Die Widerstandsk\u00e4mpfer Wilhelm Fellendorf und Katharina Fellendorf"}]},{"@type":"WebSite","@id":"https:\/\/www.fellendorf.de\/#website","url":"https:\/\/www.fellendorf.de\/","name":"Familie Fellendorf","description":"History genealogy of the family fellendorf","publisher":{"@id":"https:\/\/www.fellendorf.de\/#organization"},"alternateName":"Fellendorf.de","potentialAction":[{"@type":"SearchAction","target":{"@type":"EntryPoint","urlTemplate":"https:\/\/www.fellendorf.de\/?s={search_term_string}"},"query-input":{"@type":"PropertyValueSpecification","valueRequired":true,"valueName":"search_term_string"}}],"inLanguage":"de"},{"@type":"Organization","@id":"https:\/\/www.fellendorf.de\/#organization","name":"Familie Fellendorf","alternateName":"Fellendorf","url":"https:\/\/www.fellendorf.de\/","logo":{"@type":"ImageObject","inLanguage":"de","@id":"https:\/\/www.fellendorf.de\/#\/schema\/logo\/image\/","url":"http:\/\/www.fellendorf.de\/wp-content\/uploads\/2015\/05\/fellendorf_logo_k.jpg","contentUrl":"http:\/\/www.fellendorf.de\/wp-content\/uploads\/2015\/05\/fellendorf_logo_k.jpg","width":314,"height":344,"caption":"Familie Fellendorf"},"image":{"@id":"https:\/\/www.fellendorf.de\/#\/schema\/logo\/image\/"}},{"@type":"Person","@id":"https:\/\/www.fellendorf.de\/#\/schema\/person\/d5e9023c195b5dba2cb3e91089f4533a","name":"Boris","image":{"@type":"ImageObject","inLanguage":"de","@id":"https:\/\/secure.gravatar.com\/avatar\/246120aae4857940afe98123ced9670953a9da20981a3e84e1423acff20d2d65?s=96&d=mm&r=g","url":"https:\/\/secure.gravatar.com\/avatar\/246120aae4857940afe98123ced9670953a9da20981a3e84e1423acff20d2d65?s=96&d=mm&r=g","contentUrl":"https:\/\/secure.gravatar.com\/avatar\/246120aae4857940afe98123ced9670953a9da20981a3e84e1423acff20d2d65?s=96&d=mm&r=g","caption":"Boris"},"sameAs":["http:\/\/www.fellendorf.de","http:\/\/www.facebook.com\/boris.fellendorf","https:\/\/x.com\/fellendorfde"],"url":"https:\/\/www.fellendorf.de\/index.php\/author\/boris_r54holi1\/"}]}},"jetpack_publicize_connections":[],"jetpack_featured_media_url":"https:\/\/www.fellendorf.de\/wp-content\/uploads\/2015\/05\/image-08k5khzk52.png","jetpack_sharing_enabled":true,"jetpack_shortlink":"https:\/\/wp.me\/p7AlgU-12","_links":{"self":[{"href":"https:\/\/www.fellendorf.de\/index.php\/wp-json\/wp\/v2\/posts\/64","targetHints":{"allow":["GET"]}}],"collection":[{"href":"https:\/\/www.fellendorf.de\/index.php\/wp-json\/wp\/v2\/posts"}],"about":[{"href":"https:\/\/www.fellendorf.de\/index.php\/wp-json\/wp\/v2\/types\/post"}],"author":[{"embeddable":true,"href":"https:\/\/www.fellendorf.de\/index.php\/wp-json\/wp\/v2\/users\/2"}],"replies":[{"embeddable":true,"href":"https:\/\/www.fellendorf.de\/index.php\/wp-json\/wp\/v2\/comments?post=64"}],"version-history":[{"count":1,"href":"https:\/\/www.fellendorf.de\/index.php\/wp-json\/wp\/v2\/posts\/64\/revisions"}],"predecessor-version":[{"id":65,"href":"https:\/\/www.fellendorf.de\/index.php\/wp-json\/wp\/v2\/posts\/64\/revisions\/65"}],"wp:featuredmedia":[{"embeddable":true,"href":"https:\/\/www.fellendorf.de\/index.php\/wp-json\/wp\/v2\/media\/405"}],"wp:attachment":[{"href":"https:\/\/www.fellendorf.de\/index.php\/wp-json\/wp\/v2\/media?parent=64"}],"wp:term":[{"taxonomy":"category","embeddable":true,"href":"https:\/\/www.fellendorf.de\/index.php\/wp-json\/wp\/v2\/categories?post=64"},{"taxonomy":"post_tag","embeddable":true,"href":"https:\/\/www.fellendorf.de\/index.php\/wp-json\/wp\/v2\/tags?post=64"}],"curies":[{"name":"wp","href":"https:\/\/api.w.org\/{rel}","templated":true}]}}