{"id":7,"date":"2015-04-29T14:00:57","date_gmt":"2015-04-29T14:00:57","guid":{"rendered":"http:\/\/wp.fellendorf.de\/wordpress\/?p=7"},"modified":"2015-05-01T11:18:10","modified_gmt":"2015-05-01T11:18:10","slug":"gfug-schlesisches-adelsgeschlecht-und-der-name-fellendorf","status":"publish","type":"post","link":"https:\/\/www.fellendorf.de\/index.php\/2015\/04\/29\/gfug-schlesisches-adelsgeschlecht-und-der-name-fellendorf\/","title":{"rendered":"Gfug (schlesisches Adelsgeschlecht) und der Name Fellendorf"},"content":{"rendered":"<h3>Bei wikipedia bin ich auf folgende interessante Information gesto\u00dfen:<\/h3>\n<p><strong>Gfug<\/strong>, historische Schreibweisen auch\u00a0<em>Gefug<\/em>,\u00a0<em>Gefuge<\/em>,\u00a0<em>Gef\u00fceg<\/em>\u00a0oder\u00a0<em>Gfug und F\u00f6llerdorff (Foellendorf, Fellendorf,<sup id=\"cite_ref-1\" class=\"reference\"><a href=\"http:\/\/de.wikipedia.org\/wiki\/Gfug_(Adelsgeschlecht)#cite_note-1\" data-cke-saved-href=\"http:\/\/de.wikipedia.org\/wiki\/Gfug_(Adelsgeschlecht)#cite_note-1\">[1]<\/a><\/sup>\u00a0Foellerndorf, Foellersdorf)<\/em>,<sup id=\"cite_ref-2\" class=\"reference\"><a href=\"http:\/\/de.wikipedia.org\/wiki\/Gfug_(Adelsgeschlecht)#cite_note-2\" data-cke-saved-href=\"http:\/\/de.wikipedia.org\/wiki\/Gfug_(Adelsgeschlecht)#cite_note-2\">[2]<\/a><\/sup>\u00a0ist der Name eines\u00a0<a title=\"Herzogtum Schlesien\" href=\"http:\/\/de.wikipedia.org\/wiki\/Herzogtum_Schlesien\" data-cke-saved-href=\"http:\/\/de.wikipedia.org\/wiki\/Herzogtum_Schlesien\">schlesischen<\/a>\u00a0<a title=\"Adel\" href=\"http:\/\/de.wikipedia.org\/wiki\/Adel\" data-cke-saved-href=\"http:\/\/de.wikipedia.org\/wiki\/Adel\">Adelsgeschlechts<\/a>, das sp\u00e4terhin auch in\u00a0<a title=\"K\u00f6nigreich Sachsen\" href=\"http:\/\/de.wikipedia.org\/wiki\/K%C3%B6nigreich_Sachsen\" data-cke-saved-href=\"http:\/\/de.wikipedia.org\/wiki\/K%C3%B6nigreich_Sachsen\">Sachsen<\/a>\u00a0und\u00a0<a title=\"K\u00f6nigreich Preu\u00dfen\" href=\"http:\/\/de.wikipedia.org\/wiki\/K%C3%B6nigreich_Preu%C3%9Fen\" data-cke-saved-href=\"http:\/\/de.wikipedia.org\/wiki\/K%C3%B6nigreich_Preu%C3%9Fen\">Preu\u00dfen<\/a>\u00a0zu einigem Ansehen gelangte. Die Familie besteht bis in die Gegenwart fort.<\/p>\n<h2><span id=\"Geschichte\" class=\"mw-headline\">Geschichte<\/span><span class=\"mw-editsection\"><span class=\"mw-editsection-bracket\">[<\/span><a title=\"Abschnitt bearbeiten: Geschichte\" href=\"http:\/\/de.wikipedia.org\/w\/index.php?title=Gfug_(Adelsgeschlecht)&amp;action=edit&amp;section=1\" data-cke-saved-href=\"http:\/\/de.wikipedia.org\/w\/index.php?title=Gfug_(Adelsgeschlecht)&amp;action=edit&amp;section=1\">Bearbeiten<\/a><span class=\"mw-editsection-bracket\">]<\/span><\/span><\/h2>\n<p>Die\u00a0<a class=\"mw-redirect\" title=\"Stammreihe\" href=\"http:\/\/de.wikipedia.org\/wiki\/Stammreihe\" data-cke-saved-href=\"http:\/\/de.wikipedia.org\/wiki\/Stammreihe\">Stammreihe<\/a>\u00a0des schlesischen Geschlechts von Gfug beginnt mit dem\u00a0<a title=\"Herzogtum Liegnitz\" href=\"http:\/\/de.wikipedia.org\/wiki\/Herzogtum_Liegnitz\" data-cke-saved-href=\"http:\/\/de.wikipedia.org\/wiki\/Herzogtum_Liegnitz\">herzoglich liegnitzischen<\/a>\u00a0<a title=\"Kammerherr\" href=\"http:\/\/de.wikipedia.org\/wiki\/Kammerherr\" data-cke-saved-href=\"http:\/\/de.wikipedia.org\/wiki\/Kammerherr\">K\u00e4mmerer<\/a>\u00a0und\u00a0<a title=\"Hofrichter\" href=\"http:\/\/de.wikipedia.org\/wiki\/Hofrichter\" data-cke-saved-href=\"http:\/\/de.wikipedia.org\/wiki\/Hofrichter\">Hofrichter<\/a>\u00a0Adam von Gfug, der 1437 die Vogtei Niklasdorf gegen Bienowitz vertauschte und 1438 Liebenau kaufte.<sup id=\"cite_ref-3\" class=\"reference\"><a href=\"http:\/\/de.wikipedia.org\/wiki\/Gfug_(Adelsgeschlecht)#cite_note-3\" data-cke-saved-href=\"http:\/\/de.wikipedia.org\/wiki\/Gfug_(Adelsgeschlecht)#cite_note-3\">[3]<\/a><\/sup><\/p>\n<p>Carl Christian von Gfug und Fellendorf (\u2020 1721), Erbherr auf Manze, wurde zu\u00a0<a title=\"Wien\" href=\"http:\/\/de.wikipedia.org\/wiki\/Wien\" data-cke-saved-href=\"http:\/\/de.wikipedia.org\/wiki\/Wien\">Wien<\/a>\u00a02. M\u00e4rz 1667 in den\u00a0<a class=\"mw-redirect\" title=\"K\u00f6nigreich B\u00f6hmen\" href=\"http:\/\/de.wikipedia.org\/wiki\/K%C3%B6nigreich_B%C3%B6hmen\" data-cke-saved-href=\"http:\/\/de.wikipedia.org\/wiki\/K%C3%B6nigreich_B%C3%B6hmen\">b\u00f6hmischen<\/a>\u00a0<a title=\"Freiherr\" href=\"http:\/\/de.wikipedia.org\/wiki\/Freiherr\" data-cke-saved-href=\"http:\/\/de.wikipedia.org\/wiki\/Freiherr\">Freiherrenstand<\/a>\u00a0<a title=\"Nobilitierung\" href=\"http:\/\/de.wikipedia.org\/wiki\/Nobilitierung\" data-cke-saved-href=\"http:\/\/de.wikipedia.org\/wiki\/Nobilitierung\">erhoben<\/a>. Am 7. April 1701 erging f\u00fcr denselben zu Wien auch ein b\u00f6hmisches\u00a0<a title=\"Graf\" href=\"http:\/\/de.wikipedia.org\/wiki\/Graf\" data-cke-saved-href=\"http:\/\/de.wikipedia.org\/wiki\/Graf\">Grafendiplom<\/a>. Da seine Ehe mit Gr\u00e4fin Eleonora Charlotte (Carolina)\u00a0<a title=\"Hochberg (Adelsgeschlecht)\" href=\"http:\/\/de.wikipedia.org\/wiki\/Hochberg_(Adelsgeschlecht)#Linie_F.C3.BCrstenstein\" data-cke-saved-href=\"http:\/\/de.wikipedia.org\/wiki\/Hochberg_(Adelsgeschlecht)#Linie_F.C3.BCrstenstein\">von Hochberg und F\u00fcrstenstein<\/a>\u00a0(1676\u20131739)<sup id=\"cite_ref-GfnDNB_4-0\" class=\"reference\"><a href=\"http:\/\/de.wikipedia.org\/wiki\/Gfug_(Adelsgeschlecht)#cite_note-GfnDNB-4\" data-cke-saved-href=\"http:\/\/de.wikipedia.org\/wiki\/Gfug_(Adelsgeschlecht)#cite_note-GfnDNB-4\">[4]<\/a><\/sup>\u00a0jedoch ohne leibliche Erben blieb, erlosch mit jenem auch die\u00a0<a title=\"Adelstitel\" href=\"http:\/\/de.wikipedia.org\/wiki\/Adelstitel\" data-cke-saved-href=\"http:\/\/de.wikipedia.org\/wiki\/Adelstitel\">titulierte<\/a>\u00a0Linie seines Geschlechts.<sup id=\"cite_ref-5\" class=\"reference\"><a href=\"http:\/\/de.wikipedia.org\/wiki\/Gfug_(Adelsgeschlecht)#cite_note-5\" data-cke-saved-href=\"http:\/\/de.wikipedia.org\/wiki\/Gfug_(Adelsgeschlecht)#cite_note-5\">[5]<\/a><\/sup><\/p>\n<p>Seine Witwe, die Gr\u00e4fin Eleonora Charlotte von Gfug,<sup id=\"cite_ref-6\" class=\"reference\"><a href=\"http:\/\/de.wikipedia.org\/wiki\/Gfug_(Adelsgeschlecht)#cite_note-6\" data-cke-saved-href=\"http:\/\/de.wikipedia.org\/wiki\/Gfug_(Adelsgeschlecht)#cite_note-6\">[6]<\/a><\/sup>\u00a0Freifrau von Fellendorf,<sup id=\"cite_ref-7\" class=\"reference\"><a href=\"http:\/\/de.wikipedia.org\/wiki\/Gfug_(Adelsgeschlecht)#cite_note-7\" data-cke-saved-href=\"http:\/\/de.wikipedia.org\/wiki\/Gfug_(Adelsgeschlecht)#cite_note-7\">[7]<\/a><\/sup>\u00a0Frau auf Manze, Marck-Bohrau, Stein, Glofenau, Gr\u00fcnhartau, D\u00fcrhartau, Kaltenh\u00e4user, Peterkau und Sch\u00f6nfeld,<sup id=\"cite_ref-GfnDNB_4-1\" class=\"reference\"><a href=\"http:\/\/de.wikipedia.org\/wiki\/Gfug_(Adelsgeschlecht)#cite_note-GfnDNB-4\" data-cke-saved-href=\"http:\/\/de.wikipedia.org\/wiki\/Gfug_(Adelsgeschlecht)#cite_note-GfnDNB-4\">[4]<\/a><\/sup>\u00a0nahm Friedrich Wilhelm von Posadowsky, Freiherr von Postelwitz (1721\u20131781), sp\u00e4teren k\u00f6niglich preu\u00dfischen\u00a0<a title=\"Hofmarschall\" href=\"http:\/\/de.wikipedia.org\/wiki\/Hofmarschall\" data-cke-saved-href=\"http:\/\/de.wikipedia.org\/wiki\/Hofmarschall\">Hofmarschall<\/a>, als\u00a0<a title=\"Pflegekind\" href=\"http:\/\/de.wikipedia.org\/wiki\/Pflegekind\" data-cke-saved-href=\"http:\/\/de.wikipedia.org\/wiki\/Pflegekind\">Pflegesohn<\/a>\u00a0an.<sup id=\"cite_ref-8\" class=\"reference\"><a href=\"http:\/\/de.wikipedia.org\/wiki\/Gfug_(Adelsgeschlecht)#cite_note-8\" data-cke-saved-href=\"http:\/\/de.wikipedia.org\/wiki\/Gfug_(Adelsgeschlecht)#cite_note-8\">[8]<\/a><\/sup>\u00a0Er war der \u00e4lteste Sohn des 1743 in den Grafenstand erhobenen\u00a0<a title=\"Karl Friedrich von Posadowsky\" href=\"http:\/\/de.wikipedia.org\/wiki\/Karl_Friedrich_von_Posadowsky\" data-cke-saved-href=\"http:\/\/de.wikipedia.org\/wiki\/Karl_Friedrich_von_Posadowsky\">Karl Friedrich von Posadowsky<\/a>, die v\u00e4terliche Gro\u00dfmutter war eine Schwester des verstorbenen Grafen Carl Christian von Gfug, Freiherrn von Fellendorff, gewesen. Seine Pflegemutter und Witwe seines Gro\u00dfonkels hatte ihn zum Universalerben bestimmt, weshalb Friedrich Wilhelm von Posadowsky 1739 in den Besitz der im\u00a0<a title=\"Herzogtum Brieg\" href=\"http:\/\/de.wikipedia.org\/wiki\/Herzogtum_Brieg\" data-cke-saved-href=\"http:\/\/de.wikipedia.org\/wiki\/Herzogtum_Brieg\">Herzogtum Brieg<\/a>\u00a0gelegenen gfug&#8217;schen Herrschaft Manze, bestehend aus den G\u00fctern Manze, Bohrau, Stein, Glofenau, Gr\u00fcnhartau, D\u00fcrhartau, Kaltenh\u00e4user, Peterkau, Sch\u00f6nfeld und Deutsch-Landen kam.<sup id=\"cite_ref-9\" class=\"reference\"><a href=\"http:\/\/de.wikipedia.org\/wiki\/Gfug_(Adelsgeschlecht)#cite_note-9\" data-cke-saved-href=\"http:\/\/de.wikipedia.org\/wiki\/Gfug_(Adelsgeschlecht)#cite_note-9\">[9]<\/a><\/sup><\/p>\n<p>S\u00f6hne der Familie von Gfug haben sich mehrfach als Offiziere in der\u00a0<a title=\"S\u00e4chsische Armee\" href=\"http:\/\/de.wikipedia.org\/wiki\/S%C3%A4chsische_Armee\" data-cke-saved-href=\"http:\/\/de.wikipedia.org\/wiki\/S%C3%A4chsische_Armee\">s\u00e4chsischen<\/a>\u00a0und\u00a0<a title=\"Preu\u00dfische Armee\" href=\"http:\/\/de.wikipedia.org\/wiki\/Preu%C3%9Fische_Armee\" data-cke-saved-href=\"http:\/\/de.wikipedia.org\/wiki\/Preu%C3%9Fische_Armee\">preu\u00dfischen Armee<\/a>\u00a0hervorgetan.<\/p>\n<p>Quelle: Wikipedia<\/p>\n<p>Hat jemand evtl. noch weitere Informationen zur Verbindung von Gfug und Fellendorf?<\/p>\n","protected":false},"excerpt":{"rendered":"<p>Bei wikipedia bin ich auf folgende interessante Information gesto\u00dfen: Gfug, historische Schreibweisen auch\u00a0Gefug,\u00a0Gefuge,\u00a0Gef\u00fceg\u00a0oder\u00a0Gfug und F\u00f6llerdorff (Foellendorf, Fellendorf,[1]\u00a0Foellerndorf, Foellersdorf),[2]\u00a0ist der Name eines\u00a0schlesischen\u00a0Adelsgeschlechts, das sp\u00e4terhin auch in\u00a0Sachsen\u00a0und\u00a0Preu\u00dfen\u00a0zu einigem Ansehen gelangte. Die Familie besteht bis in die Gegenwart fort. Geschichte[Bearbeiten] Die\u00a0Stammreihe\u00a0des schlesischen Geschlechts von Gfug beginnt mit dem\u00a0herzoglich liegnitzischen\u00a0K\u00e4mmerer\u00a0und\u00a0Hofrichter\u00a0Adam von Gfug, der 1437 die Vogtei Niklasdorf gegen Bienowitz &hellip; <\/p>\n<p class=\"link-more\"><a href=\"https:\/\/www.fellendorf.de\/index.php\/2015\/04\/29\/gfug-schlesisches-adelsgeschlecht-und-der-name-fellendorf\/\" class=\"more-link\">Mehr <span class=\"screen-reader-text\">\u00fcber &#8222;Gfug (schlesisches Adelsgeschlecht) und der Name Fellendorf&#8220; <\/span>Lesen<\/a><\/p>\n","protected":false},"author":2,"featured_media":0,"comment_status":"open","ping_status":"closed","sticky":false,"template":"","format":"standard","meta":{"saved_in_kubio":false,"jetpack_post_was_ever_published":false,"_jetpack_newsletter_access":"","_jetpack_dont_email_post_to_subs":false,"_jetpack_newsletter_tier_id":0,"_jetpack_memberships_contains_paywalled_content":false,"two_page_speed":[],"_jetpack_memberships_contains_paid_content":false,"footnotes":"","jetpack_publicize_message":"","jetpack_publicize_feature_enabled":true,"jetpack_social_post_already_shared":false,"jetpack_social_options":{"image_generator_settings":{"template":"highway","default_image_id":0,"font":"","enabled":false},"version":2}},"categories":[3],"tags":[],"class_list":["post-7","post","type-post","status-publish","format-standard","hentry","category-fellendorfblog"],"wppr_data":[],"yoast_head":"<!-- This site is optimized with the Yoast SEO plugin v27.5 - https:\/\/yoast.com\/product\/yoast-seo-wordpress\/ -->\n<title>Gfug (schlesisches Adelsgeschlecht) und der Name Fellendorf - Familie Fellendorf<\/title>\n<meta name=\"robots\" content=\"index, follow, max-snippet:-1, max-image-preview:large, max-video-preview:-1\" \/>\n<link rel=\"canonical\" href=\"http:\/\/www.fellendorf.de\/index.php\/2015\/04\/29\/gfug-schlesisches-adelsgeschlecht-und-der-name-fellendorf\/\" \/>\n<meta property=\"og:locale\" content=\"de_DE\" \/>\n<meta property=\"og:type\" content=\"article\" \/>\n<meta property=\"og:title\" content=\"Gfug (schlesisches Adelsgeschlecht) und der Name Fellendorf - Familie Fellendorf\" \/>\n<meta property=\"og:description\" content=\"Bei wikipedia bin ich auf folgende interessante Information gesto\u00dfen: Gfug, historische Schreibweisen auch\u00a0Gefug,\u00a0Gefuge,\u00a0Gef\u00fceg\u00a0oder\u00a0Gfug und F\u00f6llerdorff (Foellendorf, Fellendorf,[1]\u00a0Foellerndorf, Foellersdorf),[2]\u00a0ist der Name eines\u00a0schlesischen\u00a0Adelsgeschlechts, das sp\u00e4terhin auch in\u00a0Sachsen\u00a0und\u00a0Preu\u00dfen\u00a0zu einigem Ansehen gelangte. Die Familie besteht bis in die Gegenwart fort. Geschichte[Bearbeiten] Die\u00a0Stammreihe\u00a0des schlesischen Geschlechts von Gfug beginnt mit dem\u00a0herzoglich liegnitzischen\u00a0K\u00e4mmerer\u00a0und\u00a0Hofrichter\u00a0Adam von Gfug, der 1437 die Vogtei Niklasdorf gegen Bienowitz &hellip; Mehr \u00fcber &quot;Gfug (schlesisches Adelsgeschlecht) und der Name Fellendorf&quot; Lesen\" \/>\n<meta property=\"og:url\" content=\"http:\/\/www.fellendorf.de\/index.php\/2015\/04\/29\/gfug-schlesisches-adelsgeschlecht-und-der-name-fellendorf\/\" \/>\n<meta property=\"og:site_name\" content=\"Familie Fellendorf\" \/>\n<meta property=\"article:author\" content=\"http:\/\/www.facebook.com\/boris.fellendorf\" \/>\n<meta property=\"article:published_time\" content=\"2015-04-29T14:00:57+00:00\" \/>\n<meta property=\"article:modified_time\" content=\"2015-05-01T11:18:10+00:00\" \/>\n<meta name=\"author\" content=\"Boris\" \/>\n<meta name=\"twitter:card\" content=\"summary_large_image\" \/>\n<meta name=\"twitter:creator\" content=\"@fellendorfde\" \/>\n<meta name=\"twitter:label1\" content=\"Verfasst von\" \/>\n\t<meta name=\"twitter:data1\" content=\"Boris\" \/>\n\t<meta name=\"twitter:label2\" content=\"Gesch\u00e4tzte Lesezeit\" \/>\n\t<meta name=\"twitter:data2\" content=\"2\u00a0Minuten\" \/>\n<script type=\"application\/ld+json\" class=\"yoast-schema-graph\">{\"@context\":\"https:\\\/\\\/schema.org\",\"@graph\":[{\"@type\":\"Article\",\"@id\":\"http:\\\/\\\/www.fellendorf.de\\\/index.php\\\/2015\\\/04\\\/29\\\/gfug-schlesisches-adelsgeschlecht-und-der-name-fellendorf\\\/#article\",\"isPartOf\":{\"@id\":\"http:\\\/\\\/www.fellendorf.de\\\/index.php\\\/2015\\\/04\\\/29\\\/gfug-schlesisches-adelsgeschlecht-und-der-name-fellendorf\\\/\"},\"author\":{\"name\":\"Boris\",\"@id\":\"https:\\\/\\\/www.fellendorf.de\\\/#\\\/schema\\\/person\\\/d5e9023c195b5dba2cb3e91089f4533a\"},\"headline\":\"Gfug (schlesisches Adelsgeschlecht) und der Name Fellendorf\",\"datePublished\":\"2015-04-29T14:00:57+00:00\",\"dateModified\":\"2015-05-01T11:18:10+00:00\",\"mainEntityOfPage\":{\"@id\":\"http:\\\/\\\/www.fellendorf.de\\\/index.php\\\/2015\\\/04\\\/29\\\/gfug-schlesisches-adelsgeschlecht-und-der-name-fellendorf\\\/\"},\"wordCount\":316,\"commentCount\":0,\"publisher\":{\"@id\":\"https:\\\/\\\/www.fellendorf.de\\\/#organization\"},\"articleSection\":[\"Fellendorf Blog\"],\"inLanguage\":\"de\",\"potentialAction\":[{\"@type\":\"CommentAction\",\"name\":\"Comment\",\"target\":[\"http:\\\/\\\/www.fellendorf.de\\\/index.php\\\/2015\\\/04\\\/29\\\/gfug-schlesisches-adelsgeschlecht-und-der-name-fellendorf\\\/#respond\"]}]},{\"@type\":\"WebPage\",\"@id\":\"http:\\\/\\\/www.fellendorf.de\\\/index.php\\\/2015\\\/04\\\/29\\\/gfug-schlesisches-adelsgeschlecht-und-der-name-fellendorf\\\/\",\"url\":\"http:\\\/\\\/www.fellendorf.de\\\/index.php\\\/2015\\\/04\\\/29\\\/gfug-schlesisches-adelsgeschlecht-und-der-name-fellendorf\\\/\",\"name\":\"Gfug (schlesisches Adelsgeschlecht) und der Name Fellendorf - Familie Fellendorf\",\"isPartOf\":{\"@id\":\"https:\\\/\\\/www.fellendorf.de\\\/#website\"},\"datePublished\":\"2015-04-29T14:00:57+00:00\",\"dateModified\":\"2015-05-01T11:18:10+00:00\",\"breadcrumb\":{\"@id\":\"http:\\\/\\\/www.fellendorf.de\\\/index.php\\\/2015\\\/04\\\/29\\\/gfug-schlesisches-adelsgeschlecht-und-der-name-fellendorf\\\/#breadcrumb\"},\"inLanguage\":\"de\",\"potentialAction\":[{\"@type\":\"ReadAction\",\"target\":[\"http:\\\/\\\/www.fellendorf.de\\\/index.php\\\/2015\\\/04\\\/29\\\/gfug-schlesisches-adelsgeschlecht-und-der-name-fellendorf\\\/\"]}]},{\"@type\":\"BreadcrumbList\",\"@id\":\"http:\\\/\\\/www.fellendorf.de\\\/index.php\\\/2015\\\/04\\\/29\\\/gfug-schlesisches-adelsgeschlecht-und-der-name-fellendorf\\\/#breadcrumb\",\"itemListElement\":[{\"@type\":\"ListItem\",\"position\":1,\"name\":\"Home\",\"item\":\"https:\\\/\\\/www.fellendorf.de\\\/\"},{\"@type\":\"ListItem\",\"position\":2,\"name\":\"Gfug (schlesisches Adelsgeschlecht) und der Name Fellendorf\"}]},{\"@type\":\"WebSite\",\"@id\":\"https:\\\/\\\/www.fellendorf.de\\\/#website\",\"url\":\"https:\\\/\\\/www.fellendorf.de\\\/\",\"name\":\"Familie Fellendorf\",\"description\":\"History genealogy of the family fellendorf\",\"publisher\":{\"@id\":\"https:\\\/\\\/www.fellendorf.de\\\/#organization\"},\"alternateName\":\"Fellendorf.de\",\"potentialAction\":[{\"@type\":\"SearchAction\",\"target\":{\"@type\":\"EntryPoint\",\"urlTemplate\":\"https:\\\/\\\/www.fellendorf.de\\\/?s={search_term_string}\"},\"query-input\":{\"@type\":\"PropertyValueSpecification\",\"valueRequired\":true,\"valueName\":\"search_term_string\"}}],\"inLanguage\":\"de\"},{\"@type\":\"Organization\",\"@id\":\"https:\\\/\\\/www.fellendorf.de\\\/#organization\",\"name\":\"Familie Fellendorf\",\"alternateName\":\"Fellendorf\",\"url\":\"https:\\\/\\\/www.fellendorf.de\\\/\",\"logo\":{\"@type\":\"ImageObject\",\"inLanguage\":\"de\",\"@id\":\"https:\\\/\\\/www.fellendorf.de\\\/#\\\/schema\\\/logo\\\/image\\\/\",\"url\":\"http:\\\/\\\/www.fellendorf.de\\\/wp-content\\\/uploads\\\/2015\\\/05\\\/fellendorf_logo_k.jpg\",\"contentUrl\":\"http:\\\/\\\/www.fellendorf.de\\\/wp-content\\\/uploads\\\/2015\\\/05\\\/fellendorf_logo_k.jpg\",\"width\":314,\"height\":344,\"caption\":\"Familie Fellendorf\"},\"image\":{\"@id\":\"https:\\\/\\\/www.fellendorf.de\\\/#\\\/schema\\\/logo\\\/image\\\/\"}},{\"@type\":\"Person\",\"@id\":\"https:\\\/\\\/www.fellendorf.de\\\/#\\\/schema\\\/person\\\/d5e9023c195b5dba2cb3e91089f4533a\",\"name\":\"Boris\",\"image\":{\"@type\":\"ImageObject\",\"inLanguage\":\"de\",\"@id\":\"https:\\\/\\\/secure.gravatar.com\\\/avatar\\\/246120aae4857940afe98123ced9670953a9da20981a3e84e1423acff20d2d65?s=96&d=mm&r=g\",\"url\":\"https:\\\/\\\/secure.gravatar.com\\\/avatar\\\/246120aae4857940afe98123ced9670953a9da20981a3e84e1423acff20d2d65?s=96&d=mm&r=g\",\"contentUrl\":\"https:\\\/\\\/secure.gravatar.com\\\/avatar\\\/246120aae4857940afe98123ced9670953a9da20981a3e84e1423acff20d2d65?s=96&d=mm&r=g\",\"caption\":\"Boris\"},\"sameAs\":[\"http:\\\/\\\/www.fellendorf.de\",\"http:\\\/\\\/www.facebook.com\\\/boris.fellendorf\",\"https:\\\/\\\/x.com\\\/fellendorfde\"],\"url\":\"https:\\\/\\\/www.fellendorf.de\\\/index.php\\\/author\\\/boris_r54holi1\\\/\"}]}<\/script>\n<!-- \/ Yoast SEO plugin. -->","yoast_head_json":{"title":"Gfug (schlesisches Adelsgeschlecht) und der Name Fellendorf - Familie Fellendorf","robots":{"index":"index","follow":"follow","max-snippet":"max-snippet:-1","max-image-preview":"max-image-preview:large","max-video-preview":"max-video-preview:-1"},"canonical":"http:\/\/www.fellendorf.de\/index.php\/2015\/04\/29\/gfug-schlesisches-adelsgeschlecht-und-der-name-fellendorf\/","og_locale":"de_DE","og_type":"article","og_title":"Gfug (schlesisches Adelsgeschlecht) und der Name Fellendorf - Familie Fellendorf","og_description":"Bei wikipedia bin ich auf folgende interessante Information gesto\u00dfen: Gfug, historische Schreibweisen auch\u00a0Gefug,\u00a0Gefuge,\u00a0Gef\u00fceg\u00a0oder\u00a0Gfug und F\u00f6llerdorff (Foellendorf, Fellendorf,[1]\u00a0Foellerndorf, Foellersdorf),[2]\u00a0ist der Name eines\u00a0schlesischen\u00a0Adelsgeschlechts, das sp\u00e4terhin auch in\u00a0Sachsen\u00a0und\u00a0Preu\u00dfen\u00a0zu einigem Ansehen gelangte. Die Familie besteht bis in die Gegenwart fort. Geschichte[Bearbeiten] Die\u00a0Stammreihe\u00a0des schlesischen Geschlechts von Gfug beginnt mit dem\u00a0herzoglich liegnitzischen\u00a0K\u00e4mmerer\u00a0und\u00a0Hofrichter\u00a0Adam von Gfug, der 1437 die Vogtei Niklasdorf gegen Bienowitz &hellip; Mehr \u00fcber \"Gfug (schlesisches Adelsgeschlecht) und der Name Fellendorf\" Lesen","og_url":"http:\/\/www.fellendorf.de\/index.php\/2015\/04\/29\/gfug-schlesisches-adelsgeschlecht-und-der-name-fellendorf\/","og_site_name":"Familie Fellendorf","article_author":"http:\/\/www.facebook.com\/boris.fellendorf","article_published_time":"2015-04-29T14:00:57+00:00","article_modified_time":"2015-05-01T11:18:10+00:00","author":"Boris","twitter_card":"summary_large_image","twitter_creator":"@fellendorfde","twitter_misc":{"Verfasst von":"Boris","Gesch\u00e4tzte Lesezeit":"2\u00a0Minuten"},"schema":{"@context":"https:\/\/schema.org","@graph":[{"@type":"Article","@id":"http:\/\/www.fellendorf.de\/index.php\/2015\/04\/29\/gfug-schlesisches-adelsgeschlecht-und-der-name-fellendorf\/#article","isPartOf":{"@id":"http:\/\/www.fellendorf.de\/index.php\/2015\/04\/29\/gfug-schlesisches-adelsgeschlecht-und-der-name-fellendorf\/"},"author":{"name":"Boris","@id":"https:\/\/www.fellendorf.de\/#\/schema\/person\/d5e9023c195b5dba2cb3e91089f4533a"},"headline":"Gfug (schlesisches Adelsgeschlecht) und der Name Fellendorf","datePublished":"2015-04-29T14:00:57+00:00","dateModified":"2015-05-01T11:18:10+00:00","mainEntityOfPage":{"@id":"http:\/\/www.fellendorf.de\/index.php\/2015\/04\/29\/gfug-schlesisches-adelsgeschlecht-und-der-name-fellendorf\/"},"wordCount":316,"commentCount":0,"publisher":{"@id":"https:\/\/www.fellendorf.de\/#organization"},"articleSection":["Fellendorf Blog"],"inLanguage":"de","potentialAction":[{"@type":"CommentAction","name":"Comment","target":["http:\/\/www.fellendorf.de\/index.php\/2015\/04\/29\/gfug-schlesisches-adelsgeschlecht-und-der-name-fellendorf\/#respond"]}]},{"@type":"WebPage","@id":"http:\/\/www.fellendorf.de\/index.php\/2015\/04\/29\/gfug-schlesisches-adelsgeschlecht-und-der-name-fellendorf\/","url":"http:\/\/www.fellendorf.de\/index.php\/2015\/04\/29\/gfug-schlesisches-adelsgeschlecht-und-der-name-fellendorf\/","name":"Gfug (schlesisches Adelsgeschlecht) und der Name Fellendorf - Familie Fellendorf","isPartOf":{"@id":"https:\/\/www.fellendorf.de\/#website"},"datePublished":"2015-04-29T14:00:57+00:00","dateModified":"2015-05-01T11:18:10+00:00","breadcrumb":{"@id":"http:\/\/www.fellendorf.de\/index.php\/2015\/04\/29\/gfug-schlesisches-adelsgeschlecht-und-der-name-fellendorf\/#breadcrumb"},"inLanguage":"de","potentialAction":[{"@type":"ReadAction","target":["http:\/\/www.fellendorf.de\/index.php\/2015\/04\/29\/gfug-schlesisches-adelsgeschlecht-und-der-name-fellendorf\/"]}]},{"@type":"BreadcrumbList","@id":"http:\/\/www.fellendorf.de\/index.php\/2015\/04\/29\/gfug-schlesisches-adelsgeschlecht-und-der-name-fellendorf\/#breadcrumb","itemListElement":[{"@type":"ListItem","position":1,"name":"Home","item":"https:\/\/www.fellendorf.de\/"},{"@type":"ListItem","position":2,"name":"Gfug (schlesisches Adelsgeschlecht) und der Name Fellendorf"}]},{"@type":"WebSite","@id":"https:\/\/www.fellendorf.de\/#website","url":"https:\/\/www.fellendorf.de\/","name":"Familie Fellendorf","description":"History genealogy of the family fellendorf","publisher":{"@id":"https:\/\/www.fellendorf.de\/#organization"},"alternateName":"Fellendorf.de","potentialAction":[{"@type":"SearchAction","target":{"@type":"EntryPoint","urlTemplate":"https:\/\/www.fellendorf.de\/?s={search_term_string}"},"query-input":{"@type":"PropertyValueSpecification","valueRequired":true,"valueName":"search_term_string"}}],"inLanguage":"de"},{"@type":"Organization","@id":"https:\/\/www.fellendorf.de\/#organization","name":"Familie Fellendorf","alternateName":"Fellendorf","url":"https:\/\/www.fellendorf.de\/","logo":{"@type":"ImageObject","inLanguage":"de","@id":"https:\/\/www.fellendorf.de\/#\/schema\/logo\/image\/","url":"http:\/\/www.fellendorf.de\/wp-content\/uploads\/2015\/05\/fellendorf_logo_k.jpg","contentUrl":"http:\/\/www.fellendorf.de\/wp-content\/uploads\/2015\/05\/fellendorf_logo_k.jpg","width":314,"height":344,"caption":"Familie Fellendorf"},"image":{"@id":"https:\/\/www.fellendorf.de\/#\/schema\/logo\/image\/"}},{"@type":"Person","@id":"https:\/\/www.fellendorf.de\/#\/schema\/person\/d5e9023c195b5dba2cb3e91089f4533a","name":"Boris","image":{"@type":"ImageObject","inLanguage":"de","@id":"https:\/\/secure.gravatar.com\/avatar\/246120aae4857940afe98123ced9670953a9da20981a3e84e1423acff20d2d65?s=96&d=mm&r=g","url":"https:\/\/secure.gravatar.com\/avatar\/246120aae4857940afe98123ced9670953a9da20981a3e84e1423acff20d2d65?s=96&d=mm&r=g","contentUrl":"https:\/\/secure.gravatar.com\/avatar\/246120aae4857940afe98123ced9670953a9da20981a3e84e1423acff20d2d65?s=96&d=mm&r=g","caption":"Boris"},"sameAs":["http:\/\/www.fellendorf.de","http:\/\/www.facebook.com\/boris.fellendorf","https:\/\/x.com\/fellendorfde"],"url":"https:\/\/www.fellendorf.de\/index.php\/author\/boris_r54holi1\/"}]}},"jetpack_publicize_connections":[],"jetpack_featured_media_url":"","jetpack_sharing_enabled":true,"jetpack_shortlink":"https:\/\/wp.me\/p7AlgU-7","_links":{"self":[{"href":"https:\/\/www.fellendorf.de\/index.php\/wp-json\/wp\/v2\/posts\/7","targetHints":{"allow":["GET"]}}],"collection":[{"href":"https:\/\/www.fellendorf.de\/index.php\/wp-json\/wp\/v2\/posts"}],"about":[{"href":"https:\/\/www.fellendorf.de\/index.php\/wp-json\/wp\/v2\/types\/post"}],"author":[{"embeddable":true,"href":"https:\/\/www.fellendorf.de\/index.php\/wp-json\/wp\/v2\/users\/2"}],"replies":[{"embeddable":true,"href":"https:\/\/www.fellendorf.de\/index.php\/wp-json\/wp\/v2\/comments?post=7"}],"version-history":[{"count":1,"href":"https:\/\/www.fellendorf.de\/index.php\/wp-json\/wp\/v2\/posts\/7\/revisions"}],"predecessor-version":[{"id":8,"href":"https:\/\/www.fellendorf.de\/index.php\/wp-json\/wp\/v2\/posts\/7\/revisions\/8"}],"wp:attachment":[{"href":"https:\/\/www.fellendorf.de\/index.php\/wp-json\/wp\/v2\/media?parent=7"}],"wp:term":[{"taxonomy":"category","embeddable":true,"href":"https:\/\/www.fellendorf.de\/index.php\/wp-json\/wp\/v2\/categories?post=7"},{"taxonomy":"post_tag","embeddable":true,"href":"https:\/\/www.fellendorf.de\/index.php\/wp-json\/wp\/v2\/tags?post=7"}],"curies":[{"name":"wp","href":"https:\/\/api.w.org\/{rel}","templated":true}]}}